{"id":1119,"date":"2013-07-08T12:00:00","date_gmt":"2013-07-08T10:00:00","guid":{"rendered":"https:\/\/zielonyjamnik.pl\/?p=1119"},"modified":"2025-03-05T17:47:59","modified_gmt":"2025-03-05T16:47:59","slug":"pomoc-dla-zwierzat","status":"publish","type":"post","link":"https:\/\/zielonyjamnik.pl\/?p=1119","title":{"rendered":"Pomoc dla zwierz\u0105t"},"content":{"rendered":"\n<p>Do grona beneficjent\u00f3w Fundacji Zielony Jamnik do\u0142\u0105czy\u0142a Stra\u017c Miejska w Murowanej Go\u015blinie, a konkretniej bezdomne i dzikie zwierz\u0119ta, kt\u00f3rym Stra\u017cnicy pomagaj\u0105 na co dzie\u0144. Zakupiona ze \u015brodk\u00f3w Fundacji przyczepa do profesjonalnego przewozu zwierz\u0105t wesprze dzia\u0142ania Stra\u017cy w zakresie niesienia pomocy oraz egzekwowania praw tych stworze\u0144.<br>Stra\u017c Miejska w Murowanej Go\u015blinie, poza zadaniami okre\u015blonymi w ustawie o stra\u017cach gminnych, podejmuje tak\u017ce czynno\u015bci zwi\u0105zane z ratowaniem i ochron\u0105 zwierz\u0105t oraz egzekwowaniem ich prawid\u0142owej i humanitarnej hodowli. Efektywne wype\u0142nianie przez ni\u0105 tych zada\u0144 wymaga jednak profesjonalnego sprz\u0119tu, na kt\u00f3rego zakup nie pozwala\u0142 ograniczony bud\u017cet gminy. Ze wsparciem pospieszy\u0142a wi\u0119c Fundacja Zielony Jamnik \u2013 na ratunek bezbronnym, kt\u00f3ra w ca\u0142o\u015bci sfinansowa\u0142a zakup profesjonalnej przyczepki do transportu dzikich zwierz\u0105t. Oficjalne przekazanie, w kt\u00f3rym uczestniczyli przedstawiciele Fundacji oraz Stra\u017cy Miejskiej i Gminy w Murowanej Go\u015blinie, nast\u0105pi\u0142o w dniu 5 lipca 2013 roku.<em><br>&#8211; Stra\u017c Miejska w Murowanej Go\u015blinie jest aktualnie jedyn\u0105 formacj\u0105 na terenie gminy, kt\u00f3ra zajmuje si\u0119 niesieniem pomocy zwierz\u0119tom, a nie tylko przyjmowaniem interwencji i przekazywaniem spraw do innych podmiot\u00f3w. Funkcjonariusze wykonuj\u0105c swe zadania wykazuj\u0105 si\u0119 du\u017cym zaanga\u017cowaniem oraz osobistym podej\u015bciem do kwestii ochrony zwierz\u0105t. Do tej pory najwi\u0119kszy problem w tym zakresie stanowi\u0142 brak profesjonalnego sprz\u0119tu do przewozu zwierz\u0105t. Dlatego te\u017c przyczepka umo\u017cliwi nam niesienie pomocy porzuconym i rannym stworzeniom. B\u0119dzie ona r\u00f3wnie\u017c wykorzystywana przy akcjach s\u0142u\u017cb ratowniczych, szczeg\u00f3lnie w przypadku konieczno\u015bci ewakuacji zwierz\u0105t zagro\u017conych np. po\u017carem czy podtopieniem<\/em> &#8211; powiedzia\u0142 Miros\u0142aw Str\u00f3\u017cy\u0144ski, Komendant Stra\u017cy Miejskiej w Murowanej Go\u015blinie.<\/p>\n\n\n\n<figure class=\"wp-block-image size-full\"><img fetchpriority=\"high\" decoding=\"async\" width=\"800\" height=\"533\" src=\"https:\/\/zielonyjamnik.pl\/wp-content\/uploads\/2025\/03\/41409przekazanie_przyczepki_1_mid.jpg\" alt=\"\" class=\"wp-image-1334\" srcset=\"https:\/\/zielonyjamnik.pl\/wp-content\/uploads\/2025\/03\/41409przekazanie_przyczepki_1_mid.jpg 800w, https:\/\/zielonyjamnik.pl\/wp-content\/uploads\/2025\/03\/41409przekazanie_przyczepki_1_mid-300x200.jpg 300w, https:\/\/zielonyjamnik.pl\/wp-content\/uploads\/2025\/03\/41409przekazanie_przyczepki_1_mid-768x512.jpg 768w\" sizes=\"(max-width: 800px) 100vw, 800px\" \/><\/figure>\n\n\n\n<figure class=\"wp-block-image size-full\"><img decoding=\"async\" width=\"800\" height=\"533\" src=\"https:\/\/zielonyjamnik.pl\/wp-content\/uploads\/2025\/03\/e8990przekazanie_przyczepki_2_mid.jpg\" alt=\"\" class=\"wp-image-1335\" srcset=\"https:\/\/zielonyjamnik.pl\/wp-content\/uploads\/2025\/03\/e8990przekazanie_przyczepki_2_mid.jpg 800w, https:\/\/zielonyjamnik.pl\/wp-content\/uploads\/2025\/03\/e8990przekazanie_przyczepki_2_mid-300x200.jpg 300w, https:\/\/zielonyjamnik.pl\/wp-content\/uploads\/2025\/03\/e8990przekazanie_przyczepki_2_mid-768x512.jpg 768w\" sizes=\"(max-width: 800px) 100vw, 800px\" \/><\/figure>\n","protected":false},"excerpt":{"rendered":"<p>Do grona beneficjent\u00f3w Fundacji Zielony Jamnik do\u0142\u0105czy\u0142a Stra\u017c Miejska w Murowanej Go\u015blinie, a konkretniej bezdomne i dzikie zwierz\u0119ta, kt\u00f3rym Stra\u017cnicy pomagaj\u0105 na co dzie\u0144. Zakupiona ze \u015brodk\u00f3w Fundacji przyczepa do profesjonalnego przewozu zwierz\u0105t wesprze dzia\u0142ania Stra\u017cy w zakresie niesienia pomocy oraz egzekwowania praw tych stworze\u0144.Stra\u017c Miejska w Murowanej Go\u015blinie, poza zadaniami okre\u015blonymi w ustawie o stra\u017cach gminnych, podejmuje tak\u017ce czynno\u015bci zwi\u0105zane z ratowaniem i ochron\u0105 zwierz\u0105t oraz egzekwowaniem ich prawid\u0142owej i humanitarnej hodowli. Efektywne wype\u0142nianie przez ni\u0105 tych zada\u0144 wymaga jednak profesjonalnego sprz\u0119tu, na kt\u00f3rego zakup nie pozwala\u0142 ograniczony bud\u017cet gminy. Ze wsparciem pospieszy\u0142a wi\u0119c Fundacja Zielony Jamnik \u2013 na ratunek bezbronnym, kt\u00f3ra w ca\u0142o\u015bci sfinansowa\u0142a zakup profesjonalnej przyczepki do transportu dzikich zwierz\u0105t. Oficjalne przekazanie, w kt\u00f3rym uczestniczyli przedstawiciele Fundacji oraz Stra\u017cy Miejskiej i Gminy w Murowanej Go\u015blinie, nast\u0105pi\u0142o w dniu 5 lipca 2013 roku.&#8211; Stra\u017c Miejska w Murowanej Go\u015blinie jest aktualnie jedyn\u0105 formacj\u0105 na terenie gminy, kt\u00f3ra zajmuje si\u0119 niesieniem pomocy zwierz\u0119tom, a nie tylko przyjmowaniem interwencji i przekazywaniem spraw do innych podmiot\u00f3w. Funkcjonariusze wykonuj\u0105c swe zadania wykazuj\u0105 si\u0119 du\u017cym zaanga\u017cowaniem oraz osobistym podej\u015bciem do kwestii ochrony zwierz\u0105t. Do tej pory najwi\u0119kszy problem w tym zakresie stanowi\u0142 brak profesjonalnego sprz\u0119tu do przewozu zwierz\u0105t. Dlatego te\u017c przyczepka umo\u017cliwi nam niesienie pomocy porzuconym i rannym stworzeniom. B\u0119dzie ona r\u00f3wnie\u017c wykorzystywana przy akcjach s\u0142u\u017cb ratowniczych, szczeg\u00f3lnie w przypadku konieczno\u015bci ewakuacji zwierz\u0105t zagro\u017conych np. po\u017carem czy podtopieniem &#8211; powiedzia\u0142 Miros\u0142aw Str\u00f3\u017cy\u0144ski, Komendant Stra\u017cy Miejskiej w Murowanej Go\u015blinie.<\/p>\n","protected":false},"author":1,"featured_media":1335,"comment_status":"open","ping_status":"open","sticky":false,"template":"","format":"standard","meta":{"footnotes":""},"categories":[1],"tags":[],"class_list":["post-1119","post","type-post","status-publish","format-standard","has-post-thumbnail","hentry","category-news"],"_links":{"self":[{"href":"https:\/\/zielonyjamnik.pl\/index.php?rest_route=\/wp\/v2\/posts\/1119","targetHints":{"allow":["GET"]}}],"collection":[{"href":"https:\/\/zielonyjamnik.pl\/index.php?rest_route=\/wp\/v2\/posts"}],"about":[{"href":"https:\/\/zielonyjamnik.pl\/index.php?rest_route=\/wp\/v2\/types\/post"}],"author":[{"embeddable":true,"href":"https:\/\/zielonyjamnik.pl\/index.php?rest_route=\/wp\/v2\/users\/1"}],"replies":[{"embeddable":true,"href":"https:\/\/zielonyjamnik.pl\/index.php?rest_route=%2Fwp%2Fv2%2Fcomments&post=1119"}],"version-history":[{"count":2,"href":"https:\/\/zielonyjamnik.pl\/index.php?rest_route=\/wp\/v2\/posts\/1119\/revisions"}],"predecessor-version":[{"id":1336,"href":"https:\/\/zielonyjamnik.pl\/index.php?rest_route=\/wp\/v2\/posts\/1119\/revisions\/1336"}],"wp:featuredmedia":[{"embeddable":true,"href":"https:\/\/zielonyjamnik.pl\/index.php?rest_route=\/wp\/v2\/media\/1335"}],"wp:attachment":[{"href":"https:\/\/zielonyjamnik.pl\/index.php?rest_route=%2Fwp%2Fv2%2Fmedia&parent=1119"}],"wp:term":[{"taxonomy":"category","embeddable":true,"href":"https:\/\/zielonyjamnik.pl\/index.php?rest_route=%2Fwp%2Fv2%2Fcategories&post=1119"},{"taxonomy":"post_tag","embeddable":true,"href":"https:\/\/zielonyjamnik.pl\/index.php?rest_route=%2Fwp%2Fv2%2Ftags&post=1119"}],"curies":[{"name":"wp","href":"https:\/\/api.w.org\/{rel}","templated":true}]}}