{"id":1149,"date":"2017-01-09T15:10:00","date_gmt":"2017-01-09T14:10:00","guid":{"rendered":"https:\/\/zielonyjamnik.pl\/?p=1149"},"modified":"2025-03-05T18:00:33","modified_gmt":"2025-03-05T17:00:33","slug":"monitor-dla-kowanowka","status":"publish","type":"post","link":"https:\/\/zielonyjamnik.pl\/?p=1149","title":{"rendered":"Monitor dla Kowan\u00f3wka"},"content":{"rendered":"\n<p>Jest tu\u017c tradycj\u0105, \u017ce ka\u017cdego roku tu\u017c przed \u015bwi\u0119tami Bo\u017cego Narodzenia Fundacja Zielony Jamnik przekazuje podopiecznym z Zespo\u0142u Szk\u00f3\u0142 Specjalnych w Kowan\u00f3wku darowizn\u0119, kt\u00f3ra ma podnie\u015b\u0107 standard wyposa\u017cenia szko\u0142y.<\/p>\n\n\n\n<p>Pod koniec grudnia 2016 do Kowan\u00f3wka trafi\u0142 monitor dotykowy wraz z niezb\u0119dnym osprz\u0119tem. Przedmioty te pomog\u0105 uczniom w codziennych zaj\u0119ciach a tak\u017ce znacz\u0105co uatrakcyjni\u0105 godziny lekcyjne.<\/p>\n\n\n\n<p>Na r\u0119ce pani dyrektor szko\u0142y pani Ewy Szczeci\u0144skiej darowizn\u0119 przekaza\u0142a dr Alicja Malewicz-Pe\u0142czy\u0144ska, Cz\u0142onek Rady Fundacji.<\/p>\n\n\n\n<figure class=\"wp-block-image size-full\"><img fetchpriority=\"high\" decoding=\"async\" width=\"800\" height=\"433\" src=\"https:\/\/zielonyjamnik.pl\/wp-content\/uploads\/2025\/03\/64627dsc_0051.jpg\" alt=\"\" class=\"wp-image-1389\" srcset=\"https:\/\/zielonyjamnik.pl\/wp-content\/uploads\/2025\/03\/64627dsc_0051.jpg 800w, https:\/\/zielonyjamnik.pl\/wp-content\/uploads\/2025\/03\/64627dsc_0051-300x162.jpg 300w, https:\/\/zielonyjamnik.pl\/wp-content\/uploads\/2025\/03\/64627dsc_0051-768x416.jpg 768w\" sizes=\"(max-width: 800px) 100vw, 800px\" \/><\/figure>\n\n\n\n<figure class=\"wp-block-image size-full\"><img decoding=\"async\" width=\"800\" height=\"533\" src=\"https:\/\/zielonyjamnik.pl\/wp-content\/uploads\/2025\/03\/f5b35dsc_0074.jpg\" alt=\"\" class=\"wp-image-1390\" srcset=\"https:\/\/zielonyjamnik.pl\/wp-content\/uploads\/2025\/03\/f5b35dsc_0074.jpg 800w, https:\/\/zielonyjamnik.pl\/wp-content\/uploads\/2025\/03\/f5b35dsc_0074-300x200.jpg 300w, https:\/\/zielonyjamnik.pl\/wp-content\/uploads\/2025\/03\/f5b35dsc_0074-768x512.jpg 768w\" sizes=\"(max-width: 800px) 100vw, 800px\" \/><\/figure>\n\n\n\n<figure class=\"wp-block-image size-full\"><img decoding=\"async\" width=\"800\" height=\"533\" src=\"https:\/\/zielonyjamnik.pl\/wp-content\/uploads\/2025\/03\/c0774dsc_0077.jpg\" alt=\"\" class=\"wp-image-1391\" srcset=\"https:\/\/zielonyjamnik.pl\/wp-content\/uploads\/2025\/03\/c0774dsc_0077.jpg 800w, https:\/\/zielonyjamnik.pl\/wp-content\/uploads\/2025\/03\/c0774dsc_0077-300x200.jpg 300w, https:\/\/zielonyjamnik.pl\/wp-content\/uploads\/2025\/03\/c0774dsc_0077-768x512.jpg 768w\" sizes=\"(max-width: 800px) 100vw, 800px\" \/><\/figure>\n\n\n\n<figure class=\"wp-block-image size-full\"><img loading=\"lazy\" decoding=\"async\" width=\"711\" height=\"533\" src=\"https:\/\/zielonyjamnik.pl\/wp-content\/uploads\/2025\/03\/5ff8916999219_1262291680513473_6569119603897481196_n.jpg\" alt=\"\" class=\"wp-image-1393\" srcset=\"https:\/\/zielonyjamnik.pl\/wp-content\/uploads\/2025\/03\/5ff8916999219_1262291680513473_6569119603897481196_n.jpg 711w, https:\/\/zielonyjamnik.pl\/wp-content\/uploads\/2025\/03\/5ff8916999219_1262291680513473_6569119603897481196_n-300x225.jpg 300w\" sizes=\"(max-width: 711px) 100vw, 711px\" \/><\/figure>\n\n\n\n<figure class=\"wp-block-image size-full\"><img loading=\"lazy\" decoding=\"async\" width=\"701\" height=\"533\" src=\"https:\/\/zielonyjamnik.pl\/wp-content\/uploads\/2025\/03\/88c8116729233_1401997629851461_2438882213502485251_n.jpg\" alt=\"\" class=\"wp-image-1394\" srcset=\"https:\/\/zielonyjamnik.pl\/wp-content\/uploads\/2025\/03\/88c8116729233_1401997629851461_2438882213502485251_n.jpg 701w, https:\/\/zielonyjamnik.pl\/wp-content\/uploads\/2025\/03\/88c8116729233_1401997629851461_2438882213502485251_n-300x228.jpg 300w\" sizes=\"(max-width: 701px) 100vw, 701px\" \/><\/figure>\n","protected":false},"excerpt":{"rendered":"<p>Jest tu\u017c tradycj\u0105, \u017ce ka\u017cdego roku tu\u017c przed \u015bwi\u0119tami Bo\u017cego Narodzenia Fundacja Zielony Jamnik przekazuje podopiecznym z Zespo\u0142u Szk\u00f3\u0142 Specjalnych w Kowan\u00f3wku darowizn\u0119, kt\u00f3ra ma podnie\u015b\u0107 standard wyposa\u017cenia szko\u0142y. Pod koniec grudnia 2016 do Kowan\u00f3wka trafi\u0142 monitor dotykowy wraz z niezb\u0119dnym osprz\u0119tem. Przedmioty te pomog\u0105 uczniom w codziennych zaj\u0119ciach a tak\u017ce znacz\u0105co uatrakcyjni\u0105 godziny lekcyjne. Na r\u0119ce pani dyrektor szko\u0142y pani Ewy Szczeci\u0144skiej darowizn\u0119 przekaza\u0142a dr Alicja Malewicz-Pe\u0142czy\u0144ska, Cz\u0142onek Rady Fundacji.<\/p>\n","protected":false},"author":1,"featured_media":1394,"comment_status":"open","ping_status":"open","sticky":false,"template":"","format":"standard","meta":{"footnotes":""},"categories":[1],"tags":[],"class_list":["post-1149","post","type-post","status-publish","format-standard","has-post-thumbnail","hentry","category-news"],"_links":{"self":[{"href":"https:\/\/zielonyjamnik.pl\/index.php?rest_route=\/wp\/v2\/posts\/1149","targetHints":{"allow":["GET"]}}],"collection":[{"href":"https:\/\/zielonyjamnik.pl\/index.php?rest_route=\/wp\/v2\/posts"}],"about":[{"href":"https:\/\/zielonyjamnik.pl\/index.php?rest_route=\/wp\/v2\/types\/post"}],"author":[{"embeddable":true,"href":"https:\/\/zielonyjamnik.pl\/index.php?rest_route=\/wp\/v2\/users\/1"}],"replies":[{"embeddable":true,"href":"https:\/\/zielonyjamnik.pl\/index.php?rest_route=%2Fwp%2Fv2%2Fcomments&post=1149"}],"version-history":[{"count":2,"href":"https:\/\/zielonyjamnik.pl\/index.php?rest_route=\/wp\/v2\/posts\/1149\/revisions"}],"predecessor-version":[{"id":1395,"href":"https:\/\/zielonyjamnik.pl\/index.php?rest_route=\/wp\/v2\/posts\/1149\/revisions\/1395"}],"wp:featuredmedia":[{"embeddable":true,"href":"https:\/\/zielonyjamnik.pl\/index.php?rest_route=\/wp\/v2\/media\/1394"}],"wp:attachment":[{"href":"https:\/\/zielonyjamnik.pl\/index.php?rest_route=%2Fwp%2Fv2%2Fmedia&parent=1149"}],"wp:term":[{"taxonomy":"category","embeddable":true,"href":"https:\/\/zielonyjamnik.pl\/index.php?rest_route=%2Fwp%2Fv2%2Fcategories&post=1149"},{"taxonomy":"post_tag","embeddable":true,"href":"https:\/\/zielonyjamnik.pl\/index.php?rest_route=%2Fwp%2Fv2%2Ftags&post=1149"}],"curies":[{"name":"wp","href":"https:\/\/api.w.org\/{rel}","templated":true}]}}