{"id":1153,"date":"2017-11-24T10:25:00","date_gmt":"2017-11-24T09:25:00","guid":{"rendered":"https:\/\/zielonyjamnik.pl\/?p=1153"},"modified":"2025-03-05T18:01:41","modified_gmt":"2025-03-05T17:01:41","slug":"kataklizm-w-borach","status":"publish","type":"post","link":"https:\/\/zielonyjamnik.pl\/?p=1153","title":{"rendered":"Kataklizm w Borach"},"content":{"rendered":"\n<p>W nocy z 11 na 12 sierpnia 2017 przez cz\u0119\u015b\u0107 Polski przeszed\u0142 kataklizm. Zniszczenia i straty, jakie pozostawi\u0142 \u017cywio\u0142 przesz\u0142y najczarniejsze scenariusze &#8211; s\u0105 po prostu ogromne.<br><br>Zgin\u0119li ludzie, mieszka\u0144cy stracili dach nad g\u0142ow\u0105 a czasem dorobek \u017cycia. Wichura zniszczy\u0142a ca\u0142kowicie lub uszkodzi\u0142a prawie 80 tys. ha las\u00f3w. Ucierpia\u0142y jedne z najpi\u0119kniejszych las\u00f3w Europy &#8211; Bory Tucholskie.<br><br>Fundacja Zielonego Jamnika postanowi\u0142a pom\u00f3c poszkodowanym. Przekazana pomoc obj\u0119\u0142a pilarki, \u0142a\u0144cuchy, prowadnice, siekiery, kt\u00f3re s\u0105 niezb\u0119dne w usuwaniu skutk\u00f3w nawa\u0142nicy. Dary od przedstawiciela naszej Fundacji dr Alicji Malewicz-Pe\u0142czy\u0144skiej odebra\u0142, kieruj\u0105cy ratunkow\u0105 so\u0142tys Rytla, pan \u0141ukasz Ossowski. Mieszka\u0144cy, wolontariusze i stra\u017cacy z nieukrywan\u0105 wdzi\u0119czno\u015bci\u0105 przyj\u0119li t\u0119 pomoc.<\/p>\n\n\n\n<figure class=\"wp-block-image size-full\"><img fetchpriority=\"high\" decoding=\"async\" width=\"399\" height=\"533\" src=\"https:\/\/zielonyjamnik.pl\/wp-content\/uploads\/2025\/03\/129f11.jpg\" alt=\"\" class=\"wp-image-1398\" srcset=\"https:\/\/zielonyjamnik.pl\/wp-content\/uploads\/2025\/03\/129f11.jpg 399w, https:\/\/zielonyjamnik.pl\/wp-content\/uploads\/2025\/03\/129f11-225x300.jpg 225w\" sizes=\"(max-width: 399px) 100vw, 399px\" \/><\/figure>\n\n\n\n<figure class=\"wp-block-image size-full\"><img decoding=\"async\" width=\"399\" height=\"533\" src=\"https:\/\/zielonyjamnik.pl\/wp-content\/uploads\/2025\/03\/969012.jpg\" alt=\"\" class=\"wp-image-1399\" srcset=\"https:\/\/zielonyjamnik.pl\/wp-content\/uploads\/2025\/03\/969012.jpg 399w, https:\/\/zielonyjamnik.pl\/wp-content\/uploads\/2025\/03\/969012-225x300.jpg 225w\" sizes=\"(max-width: 399px) 100vw, 399px\" \/><\/figure>\n\n\n\n<figure class=\"wp-block-image size-full\"><img decoding=\"async\" width=\"711\" height=\"533\" src=\"https:\/\/zielonyjamnik.pl\/wp-content\/uploads\/2025\/03\/b63aa3.jpg\" alt=\"\" class=\"wp-image-1401\" srcset=\"https:\/\/zielonyjamnik.pl\/wp-content\/uploads\/2025\/03\/b63aa3.jpg 711w, https:\/\/zielonyjamnik.pl\/wp-content\/uploads\/2025\/03\/b63aa3-300x225.jpg 300w\" sizes=\"(max-width: 711px) 100vw, 711px\" \/><\/figure>\n","protected":false},"excerpt":{"rendered":"<p>W nocy z 11 na 12 sierpnia 2017 przez cz\u0119\u015b\u0107 Polski przeszed\u0142 kataklizm. Zniszczenia i straty, jakie pozostawi\u0142 \u017cywio\u0142 przesz\u0142y najczarniejsze scenariusze &#8211; s\u0105 po prostu ogromne. Zgin\u0119li ludzie, mieszka\u0144cy stracili dach nad g\u0142ow\u0105 a czasem dorobek \u017cycia. Wichura zniszczy\u0142a ca\u0142kowicie lub uszkodzi\u0142a prawie 80 tys. ha las\u00f3w. Ucierpia\u0142y jedne z najpi\u0119kniejszych las\u00f3w Europy &#8211; Bory Tucholskie. Fundacja Zielonego Jamnika postanowi\u0142a pom\u00f3c poszkodowanym. Przekazana pomoc obj\u0119\u0142a pilarki, \u0142a\u0144cuchy, prowadnice, siekiery, kt\u00f3re s\u0105 niezb\u0119dne w usuwaniu skutk\u00f3w nawa\u0142nicy. Dary od przedstawiciela naszej Fundacji dr Alicji Malewicz-Pe\u0142czy\u0144skiej odebra\u0142, kieruj\u0105cy ratunkow\u0105 so\u0142tys Rytla, pan \u0141ukasz Ossowski. Mieszka\u0144cy, wolontariusze i stra\u017cacy z nieukrywan\u0105 wdzi\u0119czno\u015bci\u0105 przyj\u0119li t\u0119 pomoc.<\/p>\n","protected":false},"author":1,"featured_media":1401,"comment_status":"open","ping_status":"open","sticky":false,"template":"","format":"standard","meta":{"footnotes":""},"categories":[1],"tags":[],"class_list":["post-1153","post","type-post","status-publish","format-standard","has-post-thumbnail","hentry","category-news"],"_links":{"self":[{"href":"https:\/\/zielonyjamnik.pl\/index.php?rest_route=\/wp\/v2\/posts\/1153","targetHints":{"allow":["GET"]}}],"collection":[{"href":"https:\/\/zielonyjamnik.pl\/index.php?rest_route=\/wp\/v2\/posts"}],"about":[{"href":"https:\/\/zielonyjamnik.pl\/index.php?rest_route=\/wp\/v2\/types\/post"}],"author":[{"embeddable":true,"href":"https:\/\/zielonyjamnik.pl\/index.php?rest_route=\/wp\/v2\/users\/1"}],"replies":[{"embeddable":true,"href":"https:\/\/zielonyjamnik.pl\/index.php?rest_route=%2Fwp%2Fv2%2Fcomments&post=1153"}],"version-history":[{"count":2,"href":"https:\/\/zielonyjamnik.pl\/index.php?rest_route=\/wp\/v2\/posts\/1153\/revisions"}],"predecessor-version":[{"id":1402,"href":"https:\/\/zielonyjamnik.pl\/index.php?rest_route=\/wp\/v2\/posts\/1153\/revisions\/1402"}],"wp:featuredmedia":[{"embeddable":true,"href":"https:\/\/zielonyjamnik.pl\/index.php?rest_route=\/wp\/v2\/media\/1401"}],"wp:attachment":[{"href":"https:\/\/zielonyjamnik.pl\/index.php?rest_route=%2Fwp%2Fv2%2Fmedia&parent=1153"}],"wp:term":[{"taxonomy":"category","embeddable":true,"href":"https:\/\/zielonyjamnik.pl\/index.php?rest_route=%2Fwp%2Fv2%2Fcategories&post=1153"},{"taxonomy":"post_tag","embeddable":true,"href":"https:\/\/zielonyjamnik.pl\/index.php?rest_route=%2Fwp%2Fv2%2Ftags&post=1153"}],"curies":[{"name":"wp","href":"https:\/\/api.w.org\/{rel}","templated":true}]}}