{"id":1165,"date":"2019-03-21T13:07:00","date_gmt":"2019-03-21T12:07:00","guid":{"rendered":"https:\/\/zielonyjamnik.pl\/?p=1165"},"modified":"2025-03-05T18:05:17","modified_gmt":"2025-03-05T17:05:17","slug":"dzielimy-sie-wiedza-cz-2","status":"publish","type":"post","link":"https:\/\/zielonyjamnik.pl\/?p=1165","title":{"rendered":"Dzielimy si\u0119 wiedz\u0105! Druga edycja"},"content":{"rendered":"\n<p>W ramach wsp\u00f3lnej inicjatywy naszej Fundacji i Uniwersytetu im. Adama Mickiewicza w Poznaniu przeprowadzili\u015bmy drugie z cyklu warsztaty \u201eDzielimy si\u0119 wiedz\u0105\u201d. Uczniowie zespo\u0142u Szk\u00f3\u0142 Specjalnych w Kowan\u00f3wku mieli mo\u017cliwo\u015b\u0107 wzi\u0119cia udzia\u0142u w realizacji zada\u0144 z zakresu zagospodarowania przestrzeni.<\/p>\n\n\n\n<p>Uruchomiony na pocz\u0105tku 2019 roku projekt \u201eDzielimy si\u0119 wiedz\u0105\u201d jest wsp\u00f3lnym przedsi\u0119wzi\u0119ciem wolontariuszy fundacji i student\u00f3w. Nasza Fundacja wzi\u0119\u0142a na siebie&nbsp; Organizacyjny aspekt przedsi\u0119wzi\u0119cia. Pomys\u0142 i wykonanie warsztat\u00f3w to dzie\u0142o student\u00f3w i pracownik\u00f3w UAM.<\/p>\n\n\n\n<p>W trakcie drugich z cyklu warsztat\u00f3w studenci kierunku Gospodarka Przestrzenna na Uniwersytecie im. Adama Mickiewicza, cz\u0142onkowie Akademickiego Ko\u0142a Naukowego Gospodarki Przestrzennej (AKNGP) przeprowadzili w Zespole szk\u00f3\u0142 Specjalnych w Kowan\u00f3wku dwa rodzaje warsztat\u00f3w urbanistycznych adresowane do r\u00f3\u017cnych grup wiekowych. M\u0142odsi uczniowie pod okiem wolontariuszy tworzyli modele 3D swojego wymarzonego miasta. Starsi mieli z kolei trudniejsze zadanie &#8211; ich celem by\u0142o wypracowanie koncepcji zagospodarowania terenu wok\u00f3\u0142 swojej szko\u0142y, poprzedzone spacerem badawczy.&nbsp;<\/p>\n\n\n\n<p>Wi\u0119cej o warsztatach mo\u017cna przeczyta\u0107 w <a href=\"\/wp-content\/uploads\/2025\/03\/program-dzielimy-sie-wiedza-ii-20190321-1.pdf\" target=\"_blank\" rel=\"noreferrer noopener\">notatce prasowej<\/a>.<\/p>\n\n\n\n<figure class=\"wp-block-image size-full\"><img decoding=\"async\" src=\"https:\/\/zielonyjamnik.pl\/wp-content\/uploads\/2025\/03\/2c37dimg_3757.jpg\" alt=\"\" class=\"wp-image-1288\"\/><\/figure>\n\n\n\n<figure class=\"wp-block-image size-full\"><img fetchpriority=\"high\" decoding=\"async\" width=\"711\" height=\"533\" src=\"https:\/\/zielonyjamnik.pl\/wp-content\/uploads\/2025\/03\/310dfimg_3774.webp\" alt=\"\" class=\"wp-image-1289\" srcset=\"https:\/\/zielonyjamnik.pl\/wp-content\/uploads\/2025\/03\/310dfimg_3774.webp 711w, https:\/\/zielonyjamnik.pl\/wp-content\/uploads\/2025\/03\/310dfimg_3774-300x225.webp 300w\" sizes=\"(max-width: 711px) 100vw, 711px\" \/><\/figure>\n\n\n\n<figure class=\"wp-block-image size-full\"><img decoding=\"async\" width=\"711\" height=\"533\" src=\"https:\/\/zielonyjamnik.pl\/wp-content\/uploads\/2025\/03\/b2068img_3727.jpg\" alt=\"\" class=\"wp-image-1291\" srcset=\"https:\/\/zielonyjamnik.pl\/wp-content\/uploads\/2025\/03\/b2068img_3727.jpg 711w, https:\/\/zielonyjamnik.pl\/wp-content\/uploads\/2025\/03\/b2068img_3727-300x225.jpg 300w\" sizes=\"(max-width: 711px) 100vw, 711px\" \/><\/figure>\n\n\n\n<figure class=\"wp-block-image size-full is-resized\"><img decoding=\"async\" width=\"711\" height=\"533\" src=\"https:\/\/zielonyjamnik.pl\/wp-content\/uploads\/2025\/03\/2f36dimg_3745.webp\" alt=\"\" class=\"wp-image-1292\" style=\"width:713px;height:auto\" srcset=\"https:\/\/zielonyjamnik.pl\/wp-content\/uploads\/2025\/03\/2f36dimg_3745.webp 711w, https:\/\/zielonyjamnik.pl\/wp-content\/uploads\/2025\/03\/2f36dimg_3745-300x225.jpg 300w\" sizes=\"(max-width: 711px) 100vw, 711px\" \/><\/figure>\n\n\n\n<figure class=\"wp-block-image size-full\"><img loading=\"lazy\" decoding=\"async\" width=\"711\" height=\"533\" src=\"https:\/\/zielonyjamnik.pl\/wp-content\/uploads\/2025\/03\/f4242img_3761.jpg\" alt=\"\" class=\"wp-image-1293\" srcset=\"https:\/\/zielonyjamnik.pl\/wp-content\/uploads\/2025\/03\/f4242img_3761.jpg 711w, https:\/\/zielonyjamnik.pl\/wp-content\/uploads\/2025\/03\/f4242img_3761-300x225.jpg 300w\" sizes=\"(max-width: 711px) 100vw, 711px\" \/><\/figure>\n\n\n\n<figure class=\"wp-block-image size-full\"><img loading=\"lazy\" decoding=\"async\" width=\"711\" height=\"533\" src=\"https:\/\/zielonyjamnik.pl\/wp-content\/uploads\/2025\/03\/c90f2img_3764.jpg\" alt=\"\" class=\"wp-image-1294\" srcset=\"https:\/\/zielonyjamnik.pl\/wp-content\/uploads\/2025\/03\/c90f2img_3764.jpg 711w, https:\/\/zielonyjamnik.pl\/wp-content\/uploads\/2025\/03\/c90f2img_3764-300x225.jpg 300w\" sizes=\"(max-width: 711px) 100vw, 711px\" \/><\/figure>\n","protected":false},"excerpt":{"rendered":"<p>W ramach wsp\u00f3lnej inicjatywy naszej Fundacji i Uniwersytetu im. Adama Mickiewicza w Poznaniu przeprowadzili\u015bmy drugie z cyklu warsztaty \u201eDzielimy si\u0119 wiedz\u0105\u201d. Uczniowie zespo\u0142u Szk\u00f3\u0142 Specjalnych w Kowan\u00f3wku mieli mo\u017cliwo\u015b\u0107 wzi\u0119cia udzia\u0142u w realizacji zada\u0144 z zakresu zagospodarowania przestrzeni. Uruchomiony na pocz\u0105tku 2019 roku projekt \u201eDzielimy si\u0119 wiedz\u0105\u201d jest wsp\u00f3lnym przedsi\u0119wzi\u0119ciem wolontariuszy fundacji i student\u00f3w. Nasza Fundacja wzi\u0119\u0142a na siebie&nbsp; Organizacyjny aspekt przedsi\u0119wzi\u0119cia. Pomys\u0142 i wykonanie warsztat\u00f3w to dzie\u0142o student\u00f3w i pracownik\u00f3w UAM. W trakcie drugich z cyklu warsztat\u00f3w studenci kierunku Gospodarka Przestrzenna na Uniwersytecie im. Adama Mickiewicza, cz\u0142onkowie Akademickiego Ko\u0142a Naukowego Gospodarki Przestrzennej (AKNGP) przeprowadzili w Zespole szk\u00f3\u0142 Specjalnych w Kowan\u00f3wku dwa rodzaje warsztat\u00f3w urbanistycznych adresowane do r\u00f3\u017cnych grup wiekowych. M\u0142odsi uczniowie pod okiem wolontariuszy tworzyli modele 3D swojego wymarzonego miasta. Starsi mieli z kolei trudniejsze zadanie &#8211; ich celem by\u0142o wypracowanie koncepcji zagospodarowania terenu wok\u00f3\u0142 swojej szko\u0142y, poprzedzone spacerem badawczy.&nbsp; Wi\u0119cej o warsztatach mo\u017cna przeczyta\u0107 w notatce prasowej.<\/p>\n","protected":false},"author":1,"featured_media":1288,"comment_status":"open","ping_status":"open","sticky":false,"template":"","format":"standard","meta":{"footnotes":""},"categories":[1],"tags":[],"class_list":["post-1165","post","type-post","status-publish","format-standard","has-post-thumbnail","hentry","category-news"],"_links":{"self":[{"href":"https:\/\/zielonyjamnik.pl\/index.php?rest_route=\/wp\/v2\/posts\/1165","targetHints":{"allow":["GET"]}}],"collection":[{"href":"https:\/\/zielonyjamnik.pl\/index.php?rest_route=\/wp\/v2\/posts"}],"about":[{"href":"https:\/\/zielonyjamnik.pl\/index.php?rest_route=\/wp\/v2\/types\/post"}],"author":[{"embeddable":true,"href":"https:\/\/zielonyjamnik.pl\/index.php?rest_route=\/wp\/v2\/users\/1"}],"replies":[{"embeddable":true,"href":"https:\/\/zielonyjamnik.pl\/index.php?rest_route=%2Fwp%2Fv2%2Fcomments&post=1165"}],"version-history":[{"count":6,"href":"https:\/\/zielonyjamnik.pl\/index.php?rest_route=\/wp\/v2\/posts\/1165\/revisions"}],"predecessor-version":[{"id":1488,"href":"https:\/\/zielonyjamnik.pl\/index.php?rest_route=\/wp\/v2\/posts\/1165\/revisions\/1488"}],"wp:featuredmedia":[{"embeddable":true,"href":"https:\/\/zielonyjamnik.pl\/index.php?rest_route=\/wp\/v2\/media\/1288"}],"wp:attachment":[{"href":"https:\/\/zielonyjamnik.pl\/index.php?rest_route=%2Fwp%2Fv2%2Fmedia&parent=1165"}],"wp:term":[{"taxonomy":"category","embeddable":true,"href":"https:\/\/zielonyjamnik.pl\/index.php?rest_route=%2Fwp%2Fv2%2Fcategories&post=1165"},{"taxonomy":"post_tag","embeddable":true,"href":"https:\/\/zielonyjamnik.pl\/index.php?rest_route=%2Fwp%2Fv2%2Ftags&post=1165"}],"curies":[{"name":"wp","href":"https:\/\/api.w.org\/{rel}","templated":true}]}}