{"id":1194,"date":"2023-01-18T12:00:00","date_gmt":"2023-01-18T11:00:00","guid":{"rendered":"https:\/\/zielonyjamnik.pl\/?p=1194"},"modified":"2025-03-05T18:06:17","modified_gmt":"2025-03-05T17:06:17","slug":"mikolaj-w-kowanowku-po-raz-kolejny","status":"publish","type":"post","link":"https:\/\/zielonyjamnik.pl\/?p=1194","title":{"rendered":"Miko\u0142aj w Kowan\u00f3wku po raz kolejny"},"content":{"rendered":"\n<figure class=\"wp-block-image size-large\"><img fetchpriority=\"high\" decoding=\"async\" width=\"1024\" height=\"728\" src=\"https:\/\/zielonyjamnik.pl\/wp-content\/uploads\/2025\/03\/dsc_1361_kowanowko-1024x728.jpg\" alt=\"\" class=\"wp-image-1181\" srcset=\"https:\/\/zielonyjamnik.pl\/wp-content\/uploads\/2025\/03\/dsc_1361_kowanowko-1024x728.jpg 1024w, https:\/\/zielonyjamnik.pl\/wp-content\/uploads\/2025\/03\/dsc_1361_kowanowko-300x213.jpg 300w, https:\/\/zielonyjamnik.pl\/wp-content\/uploads\/2025\/03\/dsc_1361_kowanowko-768x546.jpg 768w, https:\/\/zielonyjamnik.pl\/wp-content\/uploads\/2025\/03\/dsc_1361_kowanowko.jpg 1055w\" sizes=\"(max-width: 1024px) 100vw, 1024px\" \/><\/figure>\n\n\n\n<p>Jak ka\u017cdego roku w okolicy \u015bwi\u0105t Bo\u017cego Narodzenia w naszej firmie odby\u0142a si\u0119 \u015awi\u0105teczna Akcja Dobroczynna na rzecz uczni\u00f3w Zespo\u0142u Szk\u00f3\u0142 Specjalnych w Kowan\u00f3wku. Tym razem, dzi\u0119ki szczodro\u015bci pracownik\u00f3w i wsparciu Fundacji, podczas uroczystych jase\u0142ek przekazali\u015bmy drobne upominki dla ka\u017cdego z ponad 160 uczni\u00f3w szko\u0142y. W \u015bwi\u0105tecznych paczkach, kt\u00f3re uczniowie otrzymali z r\u0105k solarisowego \u015awi\u0119tego Miko\u0142aja, znalaz\u0142y si\u0119: chusta-bufka ze \u015bwi\u0105tecznym motywem, praktyczny i przyjemny r\u0119cznik w \u015bwi\u0105tecznym kolorze oraz s\u0142odko\u015bci.<\/p>\n\n\n\n<p>To ju\u017c pi\u0119tnasty rok, gdy pracownicy naszej firmy dorzucaj\u0105 swoj\u0105 cegie\u0142k\u0119 do zbi\u00f3rki, aby wesprze\u0107 uczni\u00f3w szko\u0142y. W ubieg\u0142ych latach wyposa\u017cyli\u015bmy szko\u0142\u0119 m.in. w sprz\u0119t komputerowy, szafki dla uczni\u00f3w, akcesoria kuchenne czy gry edukacyjne.&nbsp;<\/p>\n\n\n\n<p><strong>Do wszystkich Darczy\u0144c\u00f3w i Wolontariusz\u00f3w kierujemy serdeczne podzi\u0119kowania!<\/strong><\/p>\n\n\n\n<figure class=\"wp-block-image size-full\"><img decoding=\"async\" src=\"https:\/\/zielonyjamnik.pl\/wp-content\/uploads\/2025\/03\/8d31edsc_1378.jpg\" alt=\"\" class=\"wp-image-1275\"\/><\/figure>\n\n\n\n<figure class=\"wp-block-image size-full\"><img decoding=\"async\" src=\"https:\/\/zielonyjamnik.pl\/wp-content\/uploads\/2025\/03\/136fcdsc_1362.jpg\" alt=\"\" class=\"wp-image-1277\"\/><\/figure>\n\n\n\n<p><\/p>\n","protected":false},"excerpt":{"rendered":"<p>Jak ka\u017cdego roku w okolicy \u015bwi\u0105t Bo\u017cego Narodzenia w naszej firmie odby\u0142a si\u0119 \u015awi\u0105teczna Akcja Dobroczynna na rzecz uczni\u00f3w Zespo\u0142u Szk\u00f3\u0142 Specjalnych w Kowan\u00f3wku. Tym razem, dzi\u0119ki szczodro\u015bci pracownik\u00f3w i wsparciu Fundacji, podczas uroczystych jase\u0142ek przekazali\u015bmy drobne upominki dla ka\u017cdego z ponad 160 uczni\u00f3w szko\u0142y. W \u015bwi\u0105tecznych paczkach, kt\u00f3re uczniowie otrzymali z r\u0105k solarisowego \u015awi\u0119tego Miko\u0142aja, znalaz\u0142y si\u0119: chusta-bufka ze \u015bwi\u0105tecznym motywem, praktyczny i przyjemny r\u0119cznik w \u015bwi\u0105tecznym kolorze oraz s\u0142odko\u015bci. To ju\u017c pi\u0119tnasty rok, gdy pracownicy naszej firmy dorzucaj\u0105 swoj\u0105 cegie\u0142k\u0119 do zbi\u00f3rki, aby wesprze\u0107 uczni\u00f3w szko\u0142y. W ubieg\u0142ych latach wyposa\u017cyli\u015bmy szko\u0142\u0119 m.in. w sprz\u0119t komputerowy, szafki dla uczni\u00f3w, akcesoria kuchenne czy gry edukacyjne.&nbsp; Do wszystkich Darczy\u0144c\u00f3w i Wolontariusz\u00f3w kierujemy serdeczne podzi\u0119kowania!<\/p>\n","protected":false},"author":1,"featured_media":1181,"comment_status":"open","ping_status":"open","sticky":false,"template":"","format":"standard","meta":{"footnotes":""},"categories":[1],"tags":[],"class_list":["post-1194","post","type-post","status-publish","format-standard","has-post-thumbnail","hentry","category-news"],"_links":{"self":[{"href":"https:\/\/zielonyjamnik.pl\/index.php?rest_route=\/wp\/v2\/posts\/1194","targetHints":{"allow":["GET"]}}],"collection":[{"href":"https:\/\/zielonyjamnik.pl\/index.php?rest_route=\/wp\/v2\/posts"}],"about":[{"href":"https:\/\/zielonyjamnik.pl\/index.php?rest_route=\/wp\/v2\/types\/post"}],"author":[{"embeddable":true,"href":"https:\/\/zielonyjamnik.pl\/index.php?rest_route=\/wp\/v2\/users\/1"}],"replies":[{"embeddable":true,"href":"https:\/\/zielonyjamnik.pl\/index.php?rest_route=%2Fwp%2Fv2%2Fcomments&post=1194"}],"version-history":[{"count":5,"href":"https:\/\/zielonyjamnik.pl\/index.php?rest_route=\/wp\/v2\/posts\/1194\/revisions"}],"predecessor-version":[{"id":1489,"href":"https:\/\/zielonyjamnik.pl\/index.php?rest_route=\/wp\/v2\/posts\/1194\/revisions\/1489"}],"wp:featuredmedia":[{"embeddable":true,"href":"https:\/\/zielonyjamnik.pl\/index.php?rest_route=\/wp\/v2\/media\/1181"}],"wp:attachment":[{"href":"https:\/\/zielonyjamnik.pl\/index.php?rest_route=%2Fwp%2Fv2%2Fmedia&parent=1194"}],"wp:term":[{"taxonomy":"category","embeddable":true,"href":"https:\/\/zielonyjamnik.pl\/index.php?rest_route=%2Fwp%2Fv2%2Fcategories&post=1194"},{"taxonomy":"post_tag","embeddable":true,"href":"https:\/\/zielonyjamnik.pl\/index.php?rest_route=%2Fwp%2Fv2%2Ftags&post=1194"}],"curies":[{"name":"wp","href":"https:\/\/api.w.org\/{rel}","templated":true}]}}