{"id":1559,"date":"2025-06-23T13:05:52","date_gmt":"2025-06-23T11:05:52","guid":{"rendered":"https:\/\/zielonyjamnik.pl\/?p=1559"},"modified":"2025-06-23T13:14:57","modified_gmt":"2025-06-23T11:14:57","slug":"swiateczna-akcja-charytatywna-na-rzecz-uczniow-zespolu-szkol-specjalnych-w-kowanowku","status":"publish","type":"post","link":"https:\/\/zielonyjamnik.pl\/?p=1559","title":{"rendered":"\u015awi\u0105teczna akcja charytatywna na rzecz uczni\u00f3w Zespo\u0142u Szk\u00f3\u0142 Specjalnych w Kowan\u00f3wku"},"content":{"rendered":"\n<figure class=\"wp-block-image size-large\"><img fetchpriority=\"high\" decoding=\"async\" width=\"1024\" height=\"683\" src=\"https:\/\/zielonyjamnik.pl\/wp-content\/uploads\/2025\/06\/2024-solaris-kowanowko-040-1024x683.jpg\" alt=\"\" class=\"wp-image-1560\" srcset=\"https:\/\/zielonyjamnik.pl\/wp-content\/uploads\/2025\/06\/2024-solaris-kowanowko-040-1024x683.jpg 1024w, https:\/\/zielonyjamnik.pl\/wp-content\/uploads\/2025\/06\/2024-solaris-kowanowko-040-300x200.jpg 300w, https:\/\/zielonyjamnik.pl\/wp-content\/uploads\/2025\/06\/2024-solaris-kowanowko-040-768x512.jpg 768w, https:\/\/zielonyjamnik.pl\/wp-content\/uploads\/2025\/06\/2024-solaris-kowanowko-040-1536x1024.jpg 1536w, https:\/\/zielonyjamnik.pl\/wp-content\/uploads\/2025\/06\/2024-solaris-kowanowko-040-2048x1365.jpg 2048w, https:\/\/zielonyjamnik.pl\/wp-content\/uploads\/2025\/06\/2024-solaris-kowanowko-040-1140x760.jpg 1140w\" sizes=\"(max-width: 1024px) 100vw, 1024px\" \/><\/figure>\n\n\n\n<p><strong>Nasza tegoroczna akcja charytatywna na rzecz uczni\u00f3w z Zespo\u0142u Szk\u00f3\u0142 Specjalnych w Kowan\u00f3wku zako\u0144czy\u0142a si\u0119 wielkim sukcesem! W tym roku pracownikom naszej firmy wraz z Fundacj\u0105 Zielony Jamnik uda\u0142o si\u0119 przekaza\u0107 na ten cel kwot\u0119 najwy\u017csz\u0105 w historii zbi\u00f3rki.<\/strong><\/p>\n\n\n\n<figure class=\"wp-block-image size-large\"><img decoding=\"async\" width=\"1024\" height=\"683\" src=\"https:\/\/zielonyjamnik.pl\/wp-content\/uploads\/2025\/06\/2024-solaris-kowanowko-006-1024x683.jpg\" alt=\"\" class=\"wp-image-1561\" srcset=\"https:\/\/zielonyjamnik.pl\/wp-content\/uploads\/2025\/06\/2024-solaris-kowanowko-006-1024x683.jpg 1024w, https:\/\/zielonyjamnik.pl\/wp-content\/uploads\/2025\/06\/2024-solaris-kowanowko-006-300x200.jpg 300w, https:\/\/zielonyjamnik.pl\/wp-content\/uploads\/2025\/06\/2024-solaris-kowanowko-006-768x512.jpg 768w, https:\/\/zielonyjamnik.pl\/wp-content\/uploads\/2025\/06\/2024-solaris-kowanowko-006-1536x1024.jpg 1536w, https:\/\/zielonyjamnik.pl\/wp-content\/uploads\/2025\/06\/2024-solaris-kowanowko-006-2048x1365.jpg 2048w, https:\/\/zielonyjamnik.pl\/wp-content\/uploads\/2025\/06\/2024-solaris-kowanowko-006-1140x760.jpg 1140w\" sizes=\"(max-width: 1024px) 100vw, 1024px\" \/><\/figure>\n\n\n\n<p>Ca\u0142a suma przeznaczona zosta\u0142a na zakup gier edukacyjnych i terapeutycznych dla dzieci. Podarunek dla szko\u0142y zosta\u0142 wr\u0119czony 19 grudnia 2024 r. podczas tradycyjnych Jase\u0142ek, kt\u00f3re mia\u0142y miejsce w szkole w Kowan\u00f3wku. Tradycyjnie te\u017c, pracownikom naszej firmy towarzyszy\u0142 \u015awi\u0119ty Miko\u0142aj oraz Jamnik, kt\u00f3rzy odwiedzili ka\u017cd\u0105 klas\u0119, osobi\u015bcie wr\u0119czyli uczniom prezenty i \u2013 oczywi\u015bcie \u2013 zapozowali do pami\u0105tkowych zdj\u0119\u0107.<\/p>\n\n\n\n<figure class=\"wp-block-image size-large\"><img decoding=\"async\" width=\"1024\" height=\"683\" src=\"https:\/\/zielonyjamnik.pl\/wp-content\/uploads\/2025\/06\/2024-solaris-kowanowko-032-1024x683.jpg\" alt=\"\" class=\"wp-image-1562\" srcset=\"https:\/\/zielonyjamnik.pl\/wp-content\/uploads\/2025\/06\/2024-solaris-kowanowko-032-1024x683.jpg 1024w, https:\/\/zielonyjamnik.pl\/wp-content\/uploads\/2025\/06\/2024-solaris-kowanowko-032-300x200.jpg 300w, https:\/\/zielonyjamnik.pl\/wp-content\/uploads\/2025\/06\/2024-solaris-kowanowko-032-768x512.jpg 768w, https:\/\/zielonyjamnik.pl\/wp-content\/uploads\/2025\/06\/2024-solaris-kowanowko-032-1536x1024.jpg 1536w, https:\/\/zielonyjamnik.pl\/wp-content\/uploads\/2025\/06\/2024-solaris-kowanowko-032-2048x1365.jpg 2048w, https:\/\/zielonyjamnik.pl\/wp-content\/uploads\/2025\/06\/2024-solaris-kowanowko-032-1140x760.jpg 1140w\" sizes=\"(max-width: 1024px) 100vw, 1024px\" \/><\/figure>\n\n\n\n<p><\/p>\n","protected":false},"excerpt":{"rendered":"<p>Nasza tegoroczna akcja charytatywna na rzecz uczni\u00f3w z Zespo\u0142u Szk\u00f3\u0142 Specjalnych w Kowan\u00f3wku zako\u0144czy\u0142a si\u0119 wielkim sukcesem! W tym roku pracownikom naszej firmy wraz z Fundacj\u0105 Zielony Jamnik uda\u0142o si\u0119 przekaza\u0107 na ten cel kwot\u0119 najwy\u017csz\u0105 w historii zbi\u00f3rki.<\/p>\n","protected":false},"author":3,"featured_media":1560,"comment_status":"open","ping_status":"open","sticky":false,"template":"","format":"standard","meta":{"footnotes":""},"categories":[1],"tags":[],"class_list":["post-1559","post","type-post","status-publish","format-standard","has-post-thumbnail","hentry","category-news"],"_links":{"self":[{"href":"https:\/\/zielonyjamnik.pl\/index.php?rest_route=\/wp\/v2\/posts\/1559","targetHints":{"allow":["GET"]}}],"collection":[{"href":"https:\/\/zielonyjamnik.pl\/index.php?rest_route=\/wp\/v2\/posts"}],"about":[{"href":"https:\/\/zielonyjamnik.pl\/index.php?rest_route=\/wp\/v2\/types\/post"}],"author":[{"embeddable":true,"href":"https:\/\/zielonyjamnik.pl\/index.php?rest_route=\/wp\/v2\/users\/3"}],"replies":[{"embeddable":true,"href":"https:\/\/zielonyjamnik.pl\/index.php?rest_route=%2Fwp%2Fv2%2Fcomments&post=1559"}],"version-history":[{"count":3,"href":"https:\/\/zielonyjamnik.pl\/index.php?rest_route=\/wp\/v2\/posts\/1559\/revisions"}],"predecessor-version":[{"id":1567,"href":"https:\/\/zielonyjamnik.pl\/index.php?rest_route=\/wp\/v2\/posts\/1559\/revisions\/1567"}],"wp:featuredmedia":[{"embeddable":true,"href":"https:\/\/zielonyjamnik.pl\/index.php?rest_route=\/wp\/v2\/media\/1560"}],"wp:attachment":[{"href":"https:\/\/zielonyjamnik.pl\/index.php?rest_route=%2Fwp%2Fv2%2Fmedia&parent=1559"}],"wp:term":[{"taxonomy":"category","embeddable":true,"href":"https:\/\/zielonyjamnik.pl\/index.php?rest_route=%2Fwp%2Fv2%2Fcategories&post=1559"},{"taxonomy":"post_tag","embeddable":true,"href":"https:\/\/zielonyjamnik.pl\/index.php?rest_route=%2Fwp%2Fv2%2Ftags&post=1559"}],"curies":[{"name":"wp","href":"https:\/\/api.w.org\/{rel}","templated":true}]}}